{"id":181,"date":"2016-09-23T22:24:36","date_gmt":"2016-09-23T20:24:36","guid":{"rendered":"http:\/\/associazionecuochipavia.it\/w\/2016\/09\/23\/teleton\/"},"modified":"2017-02-09T18:56:44","modified_gmt":"2017-02-09T17:56:44","slug":"teleton","status":"publish","type":"post","link":"http:\/\/associazionecuochipavia.it\/w\/teleton\/","title":{"rendered":"Telethon"},"content":{"rendered":"<p style=\"margin: 0px 0px 6px; color: #1d2129; text-align: center;\"><span style=\"font-size: medium;\"><strong>La Federazione Italiana Cuochi e Telethon.<\/strong><\/span><\/p>\n<p style=\"margin: 6px 0px; font-family: helvetica, arial, sans-serif; color: #1d2129; font-size: 14px;\">\n<p style=\"margin: 6px 0px; color: #1d2129; font-size: 14px; text-align: center;\"><span style=\"font-size: medium;\">Si avvia cos\u00ec l&#8217;azione del nuovo Dipartimento<br \/>\nSolidariet\u00e0 ed Emergenze della FIC <\/span><\/p>\n<p style=\"margin: 6px 0px; color: #1d2129; font-size: 14px; text-align: center;\">\n<span style=\"font-size: medium;\">Anche la nostra <span style=\"font-size: large;\"><strong>Associazione <\/strong><\/span>potr\u00e0 contribuire alla raccolta fondi per sostenere la ricerca sulle malattie genetiche rare.<\/span><!--more--><\/p>\n<div style=\"display: inline; font-family: helvetica, arial, sans-serif; color: #1d2129; font-size: 14px;\">\n<p style=\"margin: 0px 0px 6px; font-family: inherit; text-align: center;\">Sono a disposizione le scatole di metallo con i gustosi biscotti.<\/p>\n<p style=\"margin: 0px 0px 6px; font-family: inherit; text-align: center;\">Ogni scatola \u00e8 venduta a \u20ac 10,00, interamente devoluti a Telethon.<\/p>\n<p style=\"margin: 0px 0px 6px; font-family: inherit; text-align: center;\">Tutti coloro che fossero interessati all&#8217;acquisto, ci contattino in sede. Abbiamo un piccolo, ma grande obiettivo: Contuttoilcuore<\/p>\n<p style=\"margin: 0px 0px 6px; font-family: inherit; text-align: center;\">\n<p style=\"margin: 0px 0px 6px; font-family: inherit; text-align: center;\">\n<p style=\"margin: 0px 0px 6px; font-family: inherit; text-align: center;\"><img decoding=\"async\" class=\" size-full wp-image-513\" src=\"http:\/\/associazionecuochipavia.it\/w\/wp-content\/uploads\/2016\/09\/teleton.jpg\" width=\"234\" height=\"280\" border=\"0\" \/><\/p>\n<\/div>\n","protected":false},"excerpt":{"rendered":"<p>La Federazione Italiana Cuochi e Telethon. Si avvia cos\u00ec l&#8217;azione del nuovo Dipartimento Solidariet\u00e0 ed Emergenze della FIC Anche la nostra Associazione potr\u00e0 contribuire alla raccolta fondi per sostenere la ricerca sulle malattie genetiche rare.<\/p>\n","protected":false},"author":3,"featured_media":0,"comment_status":"open","ping_status":"open","sticky":false,"template":"","format":"standard","meta":{"footnotes":""},"categories":[14],"tags":[],"_links":{"self":[{"href":"http:\/\/associazionecuochipavia.it\/w\/wp-json\/wp\/v2\/posts\/181"}],"collection":[{"href":"http:\/\/associazionecuochipavia.it\/w\/wp-json\/wp\/v2\/posts"}],"about":[{"href":"http:\/\/associazionecuochipavia.it\/w\/wp-json\/wp\/v2\/types\/post"}],"author":[{"embeddable":true,"href":"http:\/\/associazionecuochipavia.it\/w\/wp-json\/wp\/v2\/users\/3"}],"replies":[{"embeddable":true,"href":"http:\/\/associazionecuochipavia.it\/w\/wp-json\/wp\/v2\/comments?post=181"}],"version-history":[{"count":0,"href":"http:\/\/associazionecuochipavia.it\/w\/wp-json\/wp\/v2\/posts\/181\/revisions"}],"wp:attachment":[{"href":"http:\/\/associazionecuochipavia.it\/w\/wp-json\/wp\/v2\/media?parent=181"}],"wp:term":[{"taxonomy":"category","embeddable":true,"href":"http:\/\/associazionecuochipavia.it\/w\/wp-json\/wp\/v2\/categories?post=181"},{"taxonomy":"post_tag","embeddable":true,"href":"http:\/\/associazionecuochipavia.it\/w\/wp-json\/wp\/v2\/tags?post=181"}],"curies":[{"name":"wp","href":"https:\/\/api.w.org\/{rel}","templated":true}]}}