{"id":1532,"date":"2023-01-08T17:22:31","date_gmt":"2023-01-08T16:22:31","guid":{"rendered":"http:\/\/associazionecuochipavia.it\/w\/?p=1532"},"modified":"2023-01-08T17:22:31","modified_gmt":"2023-01-08T16:22:31","slug":"39-gran-gala-dellassociazione-cuochi-pavia","status":"publish","type":"post","link":"http:\/\/associazionecuochipavia.it\/w\/39-gran-gala-dellassociazione-cuochi-pavia\/","title":{"rendered":"39\u00b0 Gran Gal\u00e0 dell\u2019Associazione Cuochi Pavia"},"content":{"rendered":"\n<p>Luned\u00ec 5 dicembre 2022, si \u00e8 tenuto il 39\u00b0 novesimo Gran Gal\u00e0 dei Cuochi Pavesi <\/p>\n\n\n\n<p>Presso; <strong>Ristorante \u201cChierico\u201d Via Roma, 14<\/strong> <strong>Carbonara al Ticino \u2013- Pavia PV<\/strong><\/p>\n\n\n\n<p>Si \u00e8 festeggiato il consueto \u201cNatale del Cuoco\u201d, occasione particolare in cui gli associati, i familiari e gli amici sono stati invitati ad una serata dedicata allo scambio reciproco di auguri delle festivit\u00e0 natalizie, un momento di grande fratellanza e cordialit\u00e0 nonch\u00e9 una piacevole serata all&#8217;ambito professionale.<br>I festeggiamenti prevedevono la consegna del premio \u201cBramante\u201d,<br>il premio alla carriera \u201cAldo Sacchi\u201d, che da questo anno si \u00e8 arricchito diventando <br><em>Societas Cocorum Pavia<\/em> riconoscimento assegnato ad un professionista per aver operato oltre cinque lustri che nel corso degli anni ha dato lustro e grande professionalit\u00e0 nello svolgere il proprio lavoro, il Cordon Bleu riconoscimento agli associati con pi\u00f9 di cinque anni di appartenenza alla Associazione e giovani cuochi che si sono distinti nel corso dell\u2019anno.<\/p>\n\n\n\n<p>Il Cordon Bleu \u00e8 stato consegnato anche ai direttori delle scuole; Apolf di Pavia, SantaChiara di Stradella e Enaip di Voghera. <br>L\u2019Associazione Cuochi pavia ha voluto ringraziare i direttori per l\u2019impegno profuso nel cercare, attraverso le istituzioni scolastiche, di formare dei validi e seri professionisti della ristorazione Italiana.<br><br><\/p>\n\n\n\n<figure class=\"wp-block-gallery columns-1 is-cropped wp-block-gallery-1 is-layout-flex wp-block-gallery-is-layout-flex\"><ul class=\"blocks-gallery-grid\"><li class=\"blocks-gallery-item\"><figure><img decoding=\"async\" width=\"684\" height=\"1024\" src=\"http:\/\/associazionecuochipavia.it\/w\/wp-content\/uploads\/2023\/01\/Montaggio-Articolo-684x1024.jpg\" alt=\"\" data-id=\"1533\" data-full-url=\"http:\/\/associazionecuochipavia.it\/w\/wp-content\/uploads\/2023\/01\/Montaggio-Articolo-scaled.jpg\" data-link=\"http:\/\/associazionecuochipavia.it\/w\/?attachment_id=1533\" class=\"wp-image-1533\" srcset=\"http:\/\/associazionecuochipavia.it\/w\/wp-content\/uploads\/2023\/01\/Montaggio-Articolo-684x1024.jpg 684w, http:\/\/associazionecuochipavia.it\/w\/wp-content\/uploads\/2023\/01\/Montaggio-Articolo-200x300.jpg 200w, http:\/\/associazionecuochipavia.it\/w\/wp-content\/uploads\/2023\/01\/Montaggio-Articolo-768x1150.jpg 768w, http:\/\/associazionecuochipavia.it\/w\/wp-content\/uploads\/2023\/01\/Montaggio-Articolo-1026x1536.jpg 1026w, http:\/\/associazionecuochipavia.it\/w\/wp-content\/uploads\/2023\/01\/Montaggio-Articolo-1368x2048.jpg 1368w, http:\/\/associazionecuochipavia.it\/w\/wp-content\/uploads\/2023\/01\/Montaggio-Articolo-scaled.jpg 668w\" sizes=\"(max-width: 684px) 100vw, 684px\" \/><\/figure><\/li><\/ul><\/figure>\n","protected":false},"excerpt":{"rendered":"<p>Luned\u00ec 5 dicembre 2022, si \u00e8 tenuto il 39\u00b0 novesimo Gran Gal\u00e0 dei Cuochi Pavesi Presso; Ristorante \u201cChierico\u201d Via Roma, 14 Carbonara al Ticino \u2013- Pavia PV Si \u00e8 festeggiato il consueto \u201cNatale del Cuoco\u201d, occasione particolare in cui gli associati, i familiari e gli amici sono stati invitati ad una serata dedicata allo scambio &hellip; <\/p>\n<p class=\"link-more\"><a href=\"http:\/\/associazionecuochipavia.it\/w\/39-gran-gala-dellassociazione-cuochi-pavia\/\" class=\"more-link\">Leggi tutto<span class=\"screen-reader-text\"> &#8220;39\u00b0 Gran Gal\u00e0 dell\u2019Associazione Cuochi Pavia&#8221;<\/span><\/a><\/p>\n","protected":false},"author":3,"featured_media":0,"comment_status":"open","ping_status":"open","sticky":false,"template":"","format":"standard","meta":{"footnotes":""},"categories":[4,14,26],"tags":[],"_links":{"self":[{"href":"http:\/\/associazionecuochipavia.it\/w\/wp-json\/wp\/v2\/posts\/1532"}],"collection":[{"href":"http:\/\/associazionecuochipavia.it\/w\/wp-json\/wp\/v2\/posts"}],"about":[{"href":"http:\/\/associazionecuochipavia.it\/w\/wp-json\/wp\/v2\/types\/post"}],"author":[{"embeddable":true,"href":"http:\/\/associazionecuochipavia.it\/w\/wp-json\/wp\/v2\/users\/3"}],"replies":[{"embeddable":true,"href":"http:\/\/associazionecuochipavia.it\/w\/wp-json\/wp\/v2\/comments?post=1532"}],"version-history":[{"count":1,"href":"http:\/\/associazionecuochipavia.it\/w\/wp-json\/wp\/v2\/posts\/1532\/revisions"}],"predecessor-version":[{"id":1534,"href":"http:\/\/associazionecuochipavia.it\/w\/wp-json\/wp\/v2\/posts\/1532\/revisions\/1534"}],"wp:attachment":[{"href":"http:\/\/associazionecuochipavia.it\/w\/wp-json\/wp\/v2\/media?parent=1532"}],"wp:term":[{"taxonomy":"category","embeddable":true,"href":"http:\/\/associazionecuochipavia.it\/w\/wp-json\/wp\/v2\/categories?post=1532"},{"taxonomy":"post_tag","embeddable":true,"href":"http:\/\/associazionecuochipavia.it\/w\/wp-json\/wp\/v2\/tags?post=1532"}],"curies":[{"name":"wp","href":"https:\/\/api.w.org\/{rel}","templated":true}]}}