{"id":15,"date":"2004-06-15T22:01:43","date_gmt":"2004-06-15T20:01:43","guid":{"rendered":"http:\/\/associazionecuochipavia.it\/w\/2010\/06\/15\/albo-doro-premio-aldo-sacchi\/"},"modified":"2021-03-28T09:15:37","modified_gmt":"2021-03-28T07:15:37","slug":"albo-doro-premio-aldo-sacchi","status":"publish","type":"post","link":"http:\/\/associazionecuochipavia.it\/w\/albo-doro-premio-aldo-sacchi\/","title":{"rendered":"Albo d&#8217;Oro Premio Aldo Sacchi"},"content":{"rendered":"<h3 style=\"text-align: center;\">Premio alla carriera Aldo Sacchi<\/h3>\n<p style=\"text-align: justify;\">Il premio alla carriera Aldo Sacchi nato per ricordare il nostro grande amico e maestro di vita, nel ricordare chi fu Aldo Sacchi, vogliamo riportare una delle ultime interviste fatte da Stefano Calvi\u00a0 fatta il 10 giugno del 2002, dove \u00e8 racchiusa la vita di un uomo fantastico.<\/p>\n<p><!--more--><\/p>\n<p>&nbsp;<\/p>\n<h3 style=\"text-align: center;\">NOVANT&#8217;ANNI DI RICORDI del grande chef<\/h3>\n<h4 style=\"text-align: center;\">Fu Aldo Sacchi a portare al \u201c Savini di Milano i tipici fagioli di Gambol\u00f2<\/h4>\n<p style=\"text-align: justify;\">Veniva dalla gi\u00e0 grande Milano, dove lavorava per i migliori alberghi, nei giorni di riposo per approvvigionarsi dei prelibati fagioli borlotti di gambol\u00f2; li portava nelle nobili cucine del Savini, dell&#8217;Hotel Regina, alla Vecchia Centrale, dell&#8217;Excelsior Gallia per dare corpo a straordinari risotti che da ragazzino, sulle rive Lomelline del Ticino , la vecchia madre gli aveva insegnato fare. Per Aldo Sacchi, grande chef Pavese di Torre D&#8217;Isola, quei coloriti fagioli Lomellini (&#8220;Solo a Gambol\u00f2 nascono cos\u00ec grossi e farinosi &#8220;spiega) erano un respiro felice dell&#8217;aria di casa, erano un alito di ricordi giovanili in quelle cucine d&#8217;alto rango dove si preravano pranzi per prestigiosi uomini d&#8217;affari della Milano-bene come Vittorio e Mario Crespi ( allora proprietari del &#8220;Corriere della Sera&#8221;), per grandi artisti come Giacomo Puccini e Pietro Mascagni, per consoli ed ambasciatori.<br \/>\nErano gli anni dell&#8217;anteguerra.<\/p>\n<p style=\"text-align: justify;\">Oggi Aldo Sacchi, decano degli chef lombardi, ha 90 anni d&#8217;et\u00e0 ed una lucidit\u00e0 professionale da fare invidia ad un ventenne. La sua caratura di chef \u00e8 riconosciuta unanimamente in tutti gli ambiti gastronomiciItaliani.Sacchi \u00e8 presidente onorario dei Cuochi Lombardi, \u00e8 consulente dell&#8217;attuale commissione d&#8217;esame alla scuola Alberghiera Carlo Porta di Milano ma sopratutto un uomo dai mille straordinari ricordi.<\/p>\n<p style=\"text-align: justify;\">Sona nato a Torre D&#8217;Isola nel lontano 1912&#8243; conferma con innegabile nostalgia lo chef novantenne &#8220;ed ho sempre avuto nel cuore la mia terra, i prodotti e le tradizioni gastronomiche della Lomellina e non solo. Con i borlotti di Gambol\u00f2 ho preparato i risotti per grandi della finanza milanese. E poi ricordo altri piatti nostrani con l&#8217;anguilla alla pavese in cui si usava nel condimento anche l&#8217;acqua del ticino. Ma allora era pura e cristallna&#8221;. &#8220;Mi ricordo poi&#8221; aggiunge Aldo che nei grandi alberghi in cui ho lavorato per 54 anni filati, arrivano anche squadre di calcio impegnate a giocare a Milano come il grande Torino, la Juventus, la Roma.Il loro piatto preferito era la Zuppa alla Pavese, perch\u00e8 energetica e digeribile. Ma la nostra zuppa io l&#8217;ho portata anche in Africa, quando lavorai al Grad Hotel di Tripoli, oppureal Savoi di Forte dei Marmi, a Zurigo, al Miramonti di Cortina.<\/p>\n<p style=\"text-align: justify;\">Oggi ho qualche rimpianto che nei men\u00f9 della nostra terra, nei nostri ristoranti locali, la zuppa alla pavese \u00e8 scomparsa. Chia ama la cucina tradizionale tipica, non pu\u00f2 certo scrdarla&#8221;.<\/p>\n<p>Aldo Sacchi, ancora ragazzo fece il suo apprendistato solo cucina. &#8220;Allora non cerano scuole alberghiere&#8221; ricorda lo Chef &#8220;e tutto ci\u00f2 che si apprendeva arrivava dai ricordi di mamme e nonne, dalla fatica quotidiana, dai segreti dei maestri con cui si lavorava al fianco con grande umilt\u00e0 e impegno. A 14 anni ho trovato il mio primo lavoro nella cucina di culto del Savini. E poi infinite esperienze a Milano, in Italia, in Svizzera ed in Africa. Dopo tanto peregrinare ho ultimato la 62 anni di et\u00e0 la mia carriera alla Galleria del Corso a Milano e alla Edison di Foro Bonaparte&#8221;. La mirabile avventura culinaria di Aldo Sacchi, chef internazionale con l&#8217;innato amore per la sua terra d&#8217;origine, per il Ticino, per i borlotti di gambol\u00f2, per la zuppa legata alla battaglia di Pavia, non si \u00e8 certo fermata all&#8217;et\u00e0 della pensione. Sacchi a continuato come consulente e libero professionista ed oggi \u00e8 ancora ospite d&#8217;onore dei tanti eventi gastronomici che la Federazione Italiana Cuochi organizza in Lombardia: dimostrazione di affetto e riconoscimento per la sua indiscussa professionalit\u00e0.<\/p>\n<h4><strong>Stefano Calvi<\/strong><\/h4>\n","protected":false},"excerpt":{"rendered":"<p>Premio alla carriera Aldo Sacchi Il premio alla carriera Aldo Sacchi nato per ricordare il nostro grande amico e maestro di vita, nel ricordare chi fu Aldo Sacchi, vogliamo riportare una delle ultime interviste fatte da Stefano Calvi\u00a0 fatta il 10 giugno del 2002, dove \u00e8 racchiusa la vita di un uomo fantastico.<\/p>\n","protected":false},"author":3,"featured_media":0,"comment_status":"open","ping_status":"open","sticky":false,"template":"","format":"standard","meta":{"footnotes":""},"categories":[13,60],"tags":[53,52],"_links":{"self":[{"href":"http:\/\/associazionecuochipavia.it\/w\/wp-json\/wp\/v2\/posts\/15"}],"collection":[{"href":"http:\/\/associazionecuochipavia.it\/w\/wp-json\/wp\/v2\/posts"}],"about":[{"href":"http:\/\/associazionecuochipavia.it\/w\/wp-json\/wp\/v2\/types\/post"}],"author":[{"embeddable":true,"href":"http:\/\/associazionecuochipavia.it\/w\/wp-json\/wp\/v2\/users\/3"}],"replies":[{"embeddable":true,"href":"http:\/\/associazionecuochipavia.it\/w\/wp-json\/wp\/v2\/comments?post=15"}],"version-history":[{"count":0,"href":"http:\/\/associazionecuochipavia.it\/w\/wp-json\/wp\/v2\/posts\/15\/revisions"}],"wp:attachment":[{"href":"http:\/\/associazionecuochipavia.it\/w\/wp-json\/wp\/v2\/media?parent=15"}],"wp:term":[{"taxonomy":"category","embeddable":true,"href":"http:\/\/associazionecuochipavia.it\/w\/wp-json\/wp\/v2\/categories?post=15"},{"taxonomy":"post_tag","embeddable":true,"href":"http:\/\/associazionecuochipavia.it\/w\/wp-json\/wp\/v2\/tags?post=15"}],"curies":[{"name":"wp","href":"https:\/\/api.w.org\/{rel}","templated":true}]}}