{"id":121,"date":"2013-11-14T22:15:57","date_gmt":"2013-11-14T21:15:57","guid":{"rendered":"http:\/\/associazionecuochipavia.it\/w\/2013\/11\/14\/30esimo-associazione-cuochi-pavia\/"},"modified":"2013-11-14T22:15:57","modified_gmt":"2013-11-14T21:15:57","slug":"30esimo-associazione-cuochi-pavia","status":"publish","type":"post","link":"http:\/\/associazionecuochipavia.it\/w\/30esimo-associazione-cuochi-pavia\/","title":{"rendered":"30esimo Associazione Cuochi Pavia"},"content":{"rendered":"<p>\u00a0<\/p>\n<p class=\"MsoNormal\" style=\"margin-top: 0cm; margin-right: 10.3pt; margin-bottom: .0001pt; margin-left: 0cm; text-align: right; mso-line-height-alt: 5.0pt;\" align=\"right\"><span style=\"font-size: 12.0pt; font-family: \"><span style=\"mso-spacerun: yes;\"> <\/span><\/span><strong style=\"mso-bidi-font-weight: normal;\"><span style=\"font-size: 15.0pt; font-family: \"> <\/span><\/strong><\/p>\n<p class=\"MsoNormal\" style=\"margin-top: 0cm; margin-right: 10.3pt; margin-bottom: .0001pt; margin-left: 0cm; text-align: center; mso-line-height-alt: 5.0pt;\" align=\"center\"><strong style=\"mso-bidi-font-weight: normal;\"><span style=\"font-size: 15.0pt; font-family: \">Gran Gal\u00e0 del Trentesimo<\/span><\/strong><\/p>\n<p class=\"MsoNormal\" style=\"margin-top: 0cm; margin-right: 10.3pt; margin-bottom: .0001pt; margin-left: 0cm; text-align: center; mso-line-height-alt: 5.0pt;\" align=\"center\">\u00a0<\/p>\n<p class=\"MsoNormal\" style=\"margin-top: 0cm; margin-right: 10.3pt; margin-bottom: .0001pt; margin-left: 0cm; text-align: center; mso-line-height-alt: 5.0pt;\" align=\"center\"><strong style=\"mso-bidi-font-weight: normal;\"><span style=\"font-size: 15.0pt; font-family: \"><br \/><\/span><\/strong><\/p>\n<p class=\"MsoNormal\" style=\"margin-top: 0cm; margin-right: 10.3pt; margin-bottom: .0001pt; margin-left: 0cm; text-align: center; mso-line-height-alt: 5.0pt;\" align=\"center\"><strong style=\"mso-bidi-font-weight: normal;\"><span style=\"font-size: 15.0pt; font-family: \"><br \/><\/span><\/strong><\/p>\n<p class=\"MsoNormal\" style=\"margin-top: 0cm; margin-right: 10.3pt; margin-bottom: .0001pt; margin-left: 0cm; mso-line-height-alt: 5.0pt;\"><span style=\"font-size: 12.0pt; font-family: \"> <\/span><\/p>\n<p class=\"MsoNormal\" style=\"margin-top: 0cm; margin-right: 10.3pt; margin-bottom: .0001pt; margin-left: 0cm; text-align: justify; mso-line-height-alt: 5.0pt;\"><strong style=\"mso-bidi-font-weight: normal;\"><span style=\"font-size: 12.0pt; font-family: \">Luned\u00ec 2 dicembre<span style=\"mso-spacerun: yes;\"> <\/span>2013<\/span><\/strong><strong style=\"mso-bidi-font-weight: normal;\"><span style=\"font-size: 12.0pt; font-family: \"> ritrovo<\/span><\/strong><strong style=\"mso-bidi-font-weight: normal;\"><span style=\"font-size: 12.0pt; font-family: \"> alle ore 19.30 inizio del Gal\u00e0 ore\u00a0 20.00, <\/span><\/strong><\/p>\n<p class=\"MsoNormal\" style=\"margin-top: 0cm; margin-right: 10.3pt; margin-bottom: .0001pt; margin-left: 0cm; text-align: justify; mso-line-height-alt: 5.0pt;\"><strong style=\"mso-bidi-font-weight: normal;\"><span style=\"font-size: 12.0pt; font-family: \"><br \/><\/span><\/strong><\/p>\n<p class=\"MsoNormal\" style=\"margin-top: 0cm; margin-right: 10.3pt; margin-bottom: .0001pt; margin-left: 0cm; text-align: justify; mso-line-height-alt: 5.0pt;\"><strong style=\"mso-bidi-font-weight: normal;\"><span style=\"font-size: 12.0pt; font-family: \"><br \/><\/span><\/strong><\/p>\n<p class=\"MsoNormal\" style=\"margin-top: 0cm; margin-right: 10.3pt; margin-bottom: .0001pt; margin-left: 0cm; text-align: justify; mso-line-height-alt: 5.0pt;\"><strong style=\"mso-bidi-font-weight: normal;\"><span style=\"text-decoration: underline;\"><span style=\"font-size: 10.5pt; font-family: \"><span style=\"text-decoration: none;\"> <\/span><\/span><\/span><\/strong><\/p>\n<p class=\"MsoNormal\" style=\"margin-top: 0cm; margin-right: 10.3pt; margin-bottom: .0001pt; margin-left: 0cm; text-align: justify; mso-line-height-alt: 5.0pt;\"><span style=\"font-family: \">Si festegger\u00e0 il consueto \u201cNatale del Cuoco\u201d, occasione particolare in cui gli associati, i familiari e gli amici sono invitati ad una serata dedicata allo scambio reciproco di auguri in vista delle festivit\u00e0 natalizie, un momento di grande fratellanza e cordialit\u00e0 nonch\u00e9 una piacevole serata per conoscersi oltre all&#8217;ambito professionale.<\/span><\/p>\n<p class=\"MsoNormal\" style=\"margin-top: 0cm; margin-right: 10.3pt; margin-bottom: .0001pt; margin-left: 0cm; text-align: justify; mso-line-height-alt: 5.0pt;\"><span style=\"font-family: \"><br \/><\/span><\/p>\n<p class=\"MsoNormal\" style=\"margin-top: 0cm; margin-right: 10.3pt; margin-bottom: .0001pt; margin-left: 0cm; text-align: justify; mso-line-height-alt: 5.0pt;\"><span style=\"font-family: \"> <\/span><\/p>\n<p class=\"MsoNormal\" style=\"margin-top: 0cm; margin-right: 10.3pt; margin-bottom: .0001pt; margin-left: 0cm; text-align: justify; mso-line-height-alt: 5.0pt;\"><span style=\"font-family: \">I festeggiamenti prevedono oltre alla \u201cconsueta\u201d assegnazione del nostro simbolico ed onorevole collare quale il Cordon Bleu, verranno consegnati: il premio Bramante, riconoscimento dedicato ad un personaggio \u201camico\u201d dei cuochi; il premio alla carriera \u201cAldo Sacchi\u201d, riconoscimento assegnato ad un professionista che nel corso degli anni ha dato lustro e grande professionalit\u00e0 nello svolgere il proprio lavoro.<\/span><\/p>\n<p class=\"MsoNormal\" style=\"margin-top: 0cm; margin-right: 10.3pt; margin-bottom: .0001pt; margin-left: 0cm; text-align: justify; mso-line-height-alt: 5.0pt;\"><span style=\"font-family: \">Verranno inoltre scelte le Nomination per il prossimo Collegio Cocorum che verr\u00e0 consegnato a Roma, in Campidoglio.<\/span><\/p>\n<p class=\"MsoNormal\" style=\"margin-top: 0cm; margin-right: 10.3pt; margin-bottom: .0001pt; margin-left: 0cm; text-align: justify; mso-line-height-alt: 5.0pt;\"><span style=\"font-family: \"><br \/><\/span><\/p>\n<p class=\"MsoNormal\" style=\"margin-top: 0cm; margin-right: -31.1pt; margin-bottom: .0001pt; margin-left: 0cm; text-align: justify; mso-line-height-alt: 5.0pt;\"><span style=\"font-family: \"> <\/span><\/p>\n<p class=\"MsoNormal\" style=\"margin: 0cm 10.3pt 0.0001pt 0cm; text-align: justify;\"><strong><span style=\"font-size: small;\">La serata di gala si svolger\u00e0\u00a0 presso il Ristorante del Castello di San Gaudenzio a Cervesina.<\/span><\/strong><\/p>\n<p><strong><span style=\"font-size: small;\"> <\/span><\/strong><\/p>\n<p class=\"MsoNormal\" style=\"margin-top: 0cm; margin-right: 10.3pt; margin-bottom: .0001pt; margin-left: 72.0pt; text-align: justify; mso-line-height-alt: 5.0pt;\"><strong><span style=\"font-size: small;\"> <\/span><\/strong><\/p>\n<p class=\"MsoNormal\" style=\"margin-top: 0cm; margin-right: 10.3pt; margin-bottom: .0001pt; margin-left: 72.0pt; text-align: justify; mso-line-height-alt: 5.0pt;\"><span style=\"font-family: \"> <\/span><\/p>\n<p class=\"MsoNormal\" style=\"margin-top: 0cm; margin-right: -31.1pt; margin-bottom: .0001pt; margin-left: 0cm; text-align: justify; mso-line-height-alt: 5.0pt;\"><span style=\"text-decoration: underline;\"><span style=\"font-family: \">Le Prenotazioni<\/span><\/span><\/p>\n<p class=\"MsoNormal\" style=\"margin-top: 0cm; margin-right: -31.1pt; margin-bottom: .0001pt; margin-left: 0cm; text-align: justify; mso-line-height-alt: 5.0pt;\"><span style=\"text-decoration: underline;\"><span style=\"font-family: \"><br \/><\/span><\/span><\/p>\n<p class=\"MsoNormal\" style=\"margin-top: 0cm; margin-right: -31.1pt; margin-bottom: .0001pt; margin-left: 7.1pt; text-align: justify; mso-line-height-alt: 5.0pt;\"><span style=\"font-family: \"> <\/span><\/p>\n<p class=\"MsoNormal\" style=\"margin-top: 0cm; margin-right: -31.1pt; margin-bottom: .0001pt; margin-left: 0cm; text-align: justify; mso-line-height-alt: 5.0pt;\"><span style=\"font-family: \">Per motivi organizzativi devono pervenire entro e non oltre il 26.11. 2013 ai seguenti numeri: <\/span><\/p>\n<p class=\"MsoNormal\" style=\"margin-top: 0cm; margin-right: -31.1pt; margin-bottom: .0001pt; margin-left: 0cm; text-align: justify; mso-line-height-alt: 5.0pt;\"><span style=\"font-family: \"><br \/><\/span><\/p>\n<p class=\"MsoNormal\" style=\"margin-top: 0cm; margin-right: -31.1pt; margin-bottom: .0001pt; margin-left: 7.1pt; text-align: justify; mso-line-height-alt: 5.0pt;\"><span style=\"font-family: \"> <\/span><\/p>\n<p class=\"MsoNormal\" style=\"margin-top: 0cm; margin-right: -31.1pt; margin-bottom: .0001pt; margin-left: 0cm; text-align: justify; mso-line-height-alt: 5.0pt;\"><span style=\"font-family: \">Al Presidente<span style=\"mso-spacerun: yes;\"> <\/span>A.C.P. Becciolini Mario<span style=\"mso-tab-count: 1;\"> <\/span><span style=\"mso-tab-count: 3;\"> <\/span>0381 310 334<\/span><\/p>\n<p class=\"MsoNormal\" style=\"margin-top: 0cm; margin-right: -31.1pt; margin-bottom: .0001pt; margin-left: 0cm; text-align: justify; mso-line-height-alt: 5.0pt;\"><span style=\"font-family: \"><br \/><\/span><\/p>\n<p class=\"MsoNormal\" style=\"margin-top: 0cm; margin-right: -31.1pt; margin-bottom: .0001pt; margin-left: 0cm; text-align: justify; mso-line-height-alt: 5.0pt;\"><span style=\"font-family: \">Al Presidente Vicario Braglia Giuseppe<span style=\"mso-tab-count: 4;\"> <\/span>0381<\/span><span style=\"font-family: \"><span style=\"mso-spacerun: yes;\"> <\/span>40 539<\/span><\/p>\n<p class=\"MsoNormal\" style=\"margin-top: 0cm; margin-right: -31.1pt; margin-bottom: .0001pt; margin-left: 0cm; text-align: justify; mso-line-height-alt: 5.0pt;\"><span style=\"font-family: \"><br \/><\/span><\/p>\n<p class=\"MsoNormal\" style=\"margin-top: 0cm; margin-right: -31.1pt; margin-bottom: .0001pt; margin-left: 0cm; text-align: justify; mso-line-height-alt: 5.0pt;\"><span style=\"font-family: \">Al Vice Presidente Vigevano e Lomellina Aguzzi Davide<span style=\"mso-tab-count: 1;\"> <\/span>335 8310752<\/span><\/p>\n<p class=\"MsoNormal\" style=\"margin-top: 0cm; margin-right: -31.1pt; margin-bottom: .0001pt; margin-left: 0cm; text-align: justify; mso-line-height-alt: 5.0pt;\"><span style=\"font-family: \"><br \/><\/span><\/p>\n<p class=\"MsoNormal\" style=\"margin-top: 0cm; margin-right: -31.1pt; margin-bottom: .0001pt; margin-left: 0cm; text-align: justify; mso-line-height-alt: 5.0pt;\"><span style=\"font-family: \">Al Vice Presidente Pavia Verdelli Riccardo<span style=\"mso-tab-count: 3;\"> <\/span>347 1390000<\/span><\/p>\n<p class=\"MsoNormal\" style=\"margin-top: 0cm; margin-right: -31.1pt; margin-bottom: .0001pt; margin-left: 0cm; text-align: justify; mso-line-height-alt: 5.0pt;\"><span style=\"font-family: \"><br \/><\/span><\/p>\n<p class=\"MsoNormal\" style=\"margin-top: 0cm; margin-right: -31.1pt; margin-bottom: .0001pt; margin-left: 0cm; text-align: justify; mso-line-height-alt: 5.0pt;\"><span style=\"font-family: \">Al Vice Presidente Oltrepo&#8217; Sturini Massimiliano \u00a0\u00a0<span style=\"mso-tab-count: 2;\"> <\/span>347 5865415<\/span><\/p>\n<p class=\"MsoNormal\" style=\"margin-top: 0cm; margin-right: -31.1pt; margin-bottom: .0001pt; margin-left: 0cm; text-align: justify; mso-line-height-alt: 5.0pt;\"><span style=\"font-family: \"><br \/><\/span><\/p>\n<p class=\"MsoNormal\" style=\"margin-top: 0cm; margin-right: -31.1pt; margin-bottom: .0001pt; margin-left: 0cm; text-align: justify; mso-line-height-alt: 5.0pt;\"><span style=\"font-family: \">Segretario Ruzza Massimo<span style=\"mso-tab-count: 5;\"> <\/span>392 0774962<\/span><\/p>\n<p class=\"MsoNormal\" style=\"margin-top: 0cm; margin-right: -31.1pt; margin-bottom: .0001pt; margin-left: 0cm; text-align: justify; mso-line-height-alt: 5.0pt;\">\u00a0<\/p>\n<p class=\"MsoNormal\" style=\"margin-top: 0cm; margin-right: -31.1pt; margin-bottom: .0001pt; margin-left: 0cm; text-align: justify; mso-line-height-alt: 5.0pt;\"><span style=\"font-family: \"><br \/><\/span><\/p>\n<p class=\"MsoNormal\" style=\"margin-top: 0cm; margin-right: 10.3pt; margin-bottom: .0001pt; margin-left: 0cm; text-align: justify; mso-line-height-alt: 5.0pt;\"><span style=\"font-family: \"> <\/span><\/p>\n<p class=\"MsoNormal\" style=\"margin-top: 0cm; margin-right: 10.3pt; margin-bottom: .0001pt; margin-left: 0cm; text-align: justify; mso-line-height-alt: 5.0pt;\"><span style=\"font-size: 12.0pt; font-family: \">Nell\u2019attesa di festeggiare con te, con la tua famiglia e con i nostri associati, a nome di tutto il consiglio direttivo in anticipo ti auguriamo Buone Feste<\/span><\/p>\n<p class=\"MsoNormal\" style=\"margin-top: 0cm; margin-right: 10.3pt; margin-bottom: .0001pt; margin-left: 0cm; text-align: justify; mso-line-height-alt: 5.0pt;\"><span style=\"font-size: 12.0pt; font-family: \"> <\/span><\/p>\n<p class=\"MsoNormal\" style=\"margin-top: 0cm; margin-right: 10.3pt; margin-bottom: .0001pt; margin-left: 0cm; mso-line-height-alt: 5.0pt;\"><span style=\"font-size: 8.0pt; font-family: \"><span style=\"mso-spacerun: yes;\"> <\/span><span style=\"mso-spacerun: yes;\"> <\/span><\/span><\/p>\n<p>\u00a0<\/p>\n<p class=\"MsoNormal\" style=\"margin-top: 0cm; margin-right: 10.3pt; margin-bottom: .0001pt; margin-left: 0cm; text-align: right; mso-line-height-alt: 5.0pt;\" align=\"right\"><span style=\"font-size: 10.0pt; font-family: \"> <\/span><\/p>\n<p class=\"MsoNormal\" style=\"margin-top: 0cm; margin-right: -28.4pt; margin-bottom: .0001pt; margin-left: -1.0cm; line-height: normal;\"><strong style=\"mso-bidi-font-weight: normal;\"><span style=\"font-size: 12.0pt; font-family: \">Sarebbe cosa gradita svolgere la cena in divisa e collari cos\u00ec da poter valorizzare la nostra professionalit\u00e0 e lasciare un ricordo ai giovani che verranno con fotografie di gruppo<\/span><\/strong><\/p>\n<p class=\"MsoNormal\" style=\"margin-top: 0cm; margin-right: 10.3pt; margin-bottom: .0001pt; margin-left: 0cm; mso-line-height-alt: 5.0pt;\"><span style=\"font-size: 10.0pt; font-family: \"> <\/span><\/p>\n","protected":false},"excerpt":{"rendered":"<p>\u00a0 Gran Gal\u00e0 del Trentesimo \u00a0 Luned\u00ec 2 dicembre 2013 ritrovo alle ore 19.30 inizio del Gal\u00e0 ore\u00a0 20.00, Si festegger\u00e0 il consueto \u201cNatale del Cuoco\u201d, occasione particolare in cui gli associati, i familiari e gli amici sono invitati ad una serata dedicata allo scambio reciproco di auguri in vista delle festivit\u00e0 natalizie, un momento &hellip; <\/p>\n<p class=\"link-more\"><a href=\"http:\/\/associazionecuochipavia.it\/w\/30esimo-associazione-cuochi-pavia\/\" class=\"more-link\">Leggi tutto<span class=\"screen-reader-text\"> &#8220;30esimo Associazione Cuochi Pavia&#8221;<\/span><\/a><\/p>\n","protected":false},"author":3,"featured_media":0,"comment_status":"open","ping_status":"open","sticky":false,"template":"","format":"standard","meta":{"footnotes":""},"categories":[14],"tags":[],"_links":{"self":[{"href":"http:\/\/associazionecuochipavia.it\/w\/wp-json\/wp\/v2\/posts\/121"}],"collection":[{"href":"http:\/\/associazionecuochipavia.it\/w\/wp-json\/wp\/v2\/posts"}],"about":[{"href":"http:\/\/associazionecuochipavia.it\/w\/wp-json\/wp\/v2\/types\/post"}],"author":[{"embeddable":true,"href":"http:\/\/associazionecuochipavia.it\/w\/wp-json\/wp\/v2\/users\/3"}],"replies":[{"embeddable":true,"href":"http:\/\/associazionecuochipavia.it\/w\/wp-json\/wp\/v2\/comments?post=121"}],"version-history":[{"count":0,"href":"http:\/\/associazionecuochipavia.it\/w\/wp-json\/wp\/v2\/posts\/121\/revisions"}],"wp:attachment":[{"href":"http:\/\/associazionecuochipavia.it\/w\/wp-json\/wp\/v2\/media?parent=121"}],"wp:term":[{"taxonomy":"category","embeddable":true,"href":"http:\/\/associazionecuochipavia.it\/w\/wp-json\/wp\/v2\/categories?post=121"},{"taxonomy":"post_tag","embeddable":true,"href":"http:\/\/associazionecuochipavia.it\/w\/wp-json\/wp\/v2\/tags?post=121"}],"curies":[{"name":"wp","href":"https:\/\/api.w.org\/{rel}","templated":true}]}}