{"id":1124,"date":"2019-04-01T15:33:44","date_gmt":"2019-04-01T13:33:44","guid":{"rendered":"http:\/\/associazionecuochipavia.it\/w\/?p=1124"},"modified":"2019-04-10T15:35:28","modified_gmt":"2019-04-10T13:35:28","slug":"visita-didattica-pentole-agnelli","status":"publish","type":"post","link":"http:\/\/associazionecuochipavia.it\/w\/visita-didattica-pentole-agnelli\/","title":{"rendered":"Visita didattica Pentole Agnelli"},"content":{"rendered":"<p><strong><span class=\"_1nb_ fwn fcg\" style=\"color: #993300;\" data-ft=\"{&quot;tn&quot;:&quot;C&quot;}\"><span class=\"fwb\" data-ft=\"{&quot;tn&quot;:&quot;k&quot;}\"><a id=\"js_8ze\" style=\"color: #993300;\" href=\"https:\/\/www.facebook.com\/santachiaracfp\/?__tn__=kCH-R&amp;eid=ARBXYcODQOwtKxYnX--NVq5VRTqqVo7mbwEmWjjCyZr6i3_D6MiCMPAWS9XwVgYWCLRfU0EUNY4cw_g_&amp;hc_ref=ARQNsPP2oY_QFbQM6YnAvx9IVtpqXe61rfqML2ROhvrPDRRoBl_5gMcIJ0l7rV1XC1Q&amp;fref=nf&amp;__xts__%5B0%5D=68.ARCULjW7OPrPrxVa-n6Cbq-aEe9cKTtvoec3hmt1bsHsIj6H8t5w4KOsnapBIqYUclIVrnHdb7f9CBcAxS_KZVYSrxrM-PHB1mzMceh5lhrUNWXn3ehkp4HKr7ko3qoVHGd-nw9_o4Rg3Fjd0nILeeArY-1fVZwv5_-K_v-VhCfnpEEa0alvxKPLrco1_XVkv7qV2-OWin751OXDpjetfIYZ3AImdzkxgVYEITt5MgXWlIuwJ09qw2zPU6sD5x3ZrBwAXdAugJpak3HqSoQl_L6TjdAHsXg3cVYZBqk8sRhuNcidlZLpEiD69pkOM6FlhXtyfGkglJu3_umEKfUfwh34nwxTLme0_B33JfLdacbIHep-ju47JvaHI-r6QAX-eiESzhY9L3-6o9CDGW-CKwuqF6daAr-ypuOH2Rsd1ELQAEM-6n8RpOTKpUb5N0PNFSpPUKo63eY1P0MlOYxQM3u1K7PmoDyoUx5IkFtF5MT66Diw4PlCvf30bAVK\" data-hovercard=\"\/ajax\/hovercard\/page.php?id=973016889428679&amp;extragetparams=%7B%22__tn__%22%3A%22%2CdkCH-R-R%22%2C%22eid%22%3A%22ARBXYcODQOwtKxYnX--NVq5VRTqqVo7mbwEmWjjCyZr6i3_D6MiCMPAWS9XwVgYWCLRfU0EUNY4cw_g_%22%2C%22hc_ref%22%3A%22ARQNsPP2oY_QFbQM6YnAvx9IVtpqXe61rfqML2ROhvrPDRRoBl_5gMcIJ0l7rV1XC1Q%22%2C%22fref%22%3A%22nf%22%7D\" data-hovercard-prefer-more-content-show=\"1\" data-hovercard-referer=\"ARQNsPP2oY_QFbQM6YnAvx9IVtpqXe61rfqML2ROhvrPDRRoBl_5gMcIJ0l7rV1XC1Q\" aria-describedby=\"u_a7_1\" aria-owns=\"js_8zb\">ODPF Istituto Santachiara CFP<\/a><\/span><\/span><\/strong><\/p>\n<p>Marted\u00ec 26 marzo, le classi Prima Preparazione Pasti, IV Tecnico di Cucina e IV Tecnico di Sala si sono recate in gita a Bergamo, accompagnate dai docenti Simon<span class=\"text_exposed_show\">a Cazzola, Luisella Gastaldi e Silvano Vanzulli. Un gruppo si \u00e8 dedicato alla visita della \u201ccitt\u00e0 alta\u201d, mentre un altro ha fatto visita alla fabbrica di pentole Agnelli, ditta che coniuga lo studio dei materiali a quello delle forme per meglio valorizzare l\u2019alta cucina italiana. La visita \u00e9 stata organizzata con la collaborazione della \u201cAssociazione Cuochi\u201d della Provincia di Pavia, che ha preso parte all\u2019evento con la rappresentanza del presidente vicario Mario Becciolini e del tesoriere Giansandro Moncalieri.<br \/>\nDopo un giro in fabbrica, dove gli studenti hanno visto dal vivo le produzioni delle pentole, si \u00e8 tenuta una lezione -presieduta dal \u201cresident chef\u201d dell\u2019azienda Filippo Camara- in cui sono stati spiegati i materiali con cui vengono prodotte le pentole: alluminio, acciaio, rame, ghisa, pietra ollare ed infine l\u2019oro, con cui viene forgiata la pi\u00f9 famosa e caratteristica delle pentole Agnelli. Sono stati spiegati anche forme e vari utilizzi in cucina. In seguito \u00e8 stato offerto un gustoso pranzo e, ad ogni giovane, \u00e8 stato consegnato un attestato di partecipazione.<br \/>\nSi \u00e8 trattata di un\u2019ottima opportunit\u00e0 di crescita professionale e culturale. Chi pensa che la cucina sia un campo semplice e ripetitivo ed intraprende il percorso con tale convinzione, non pu\u00f2 far altro che ricredersi. Soltanto conoscendone a pieno strumenti e segreti \u00e8 possibile distinguersi, ed il compito della nostra scuola \u00e8 proprio quello di ampliare la conoscenza di questo fascinoso mondo a tutte le sue possibili sfaccettature.<\/span><\/p>\n<p><img decoding=\"async\" class=\"alignnone size-medium wp-image-1125 aligncenter\" src=\"http:\/\/associazionecuochipavia.it\/w\/wp-content\/uploads\/2019\/04\/55481558_2222732357790453_2591448468857815040_o-Copia-300x225.jpg\" alt=\"\" width=\"300\" height=\"225\" srcset=\"http:\/\/associazionecuochipavia.it\/w\/wp-content\/uploads\/2019\/04\/55481558_2222732357790453_2591448468857815040_o-Copia-300x225.jpg 300w, http:\/\/associazionecuochipavia.it\/w\/wp-content\/uploads\/2019\/04\/55481558_2222732357790453_2591448468857815040_o-Copia.jpg 350w\" sizes=\"(max-width: 300px) 100vw, 300px\" \/><\/p>\n","protected":false},"excerpt":{"rendered":"<p>ODPF Istituto Santachiara CFP Marted\u00ec 26 marzo, le classi Prima Preparazione Pasti, IV Tecnico di Cucina e IV Tecnico di Sala si sono recate in gita a Bergamo, accompagnate dai docenti Simona Cazzola, Luisella Gastaldi e Silvano Vanzulli. Un gruppo si \u00e8 dedicato alla visita della \u201ccitt\u00e0 alta\u201d, mentre un altro ha fatto visita alla &hellip; <\/p>\n<p class=\"link-more\"><a href=\"http:\/\/associazionecuochipavia.it\/w\/visita-didattica-pentole-agnelli\/\" class=\"more-link\">Leggi tutto<span class=\"screen-reader-text\"> &#8220;Visita didattica Pentole Agnelli&#8221;<\/span><\/a><\/p>\n","protected":false},"author":3,"featured_media":0,"comment_status":"open","ping_status":"open","sticky":false,"template":"","format":"standard","meta":{"footnotes":""},"categories":[4,26],"tags":[],"_links":{"self":[{"href":"http:\/\/associazionecuochipavia.it\/w\/wp-json\/wp\/v2\/posts\/1124"}],"collection":[{"href":"http:\/\/associazionecuochipavia.it\/w\/wp-json\/wp\/v2\/posts"}],"about":[{"href":"http:\/\/associazionecuochipavia.it\/w\/wp-json\/wp\/v2\/types\/post"}],"author":[{"embeddable":true,"href":"http:\/\/associazionecuochipavia.it\/w\/wp-json\/wp\/v2\/users\/3"}],"replies":[{"embeddable":true,"href":"http:\/\/associazionecuochipavia.it\/w\/wp-json\/wp\/v2\/comments?post=1124"}],"version-history":[{"count":0,"href":"http:\/\/associazionecuochipavia.it\/w\/wp-json\/wp\/v2\/posts\/1124\/revisions"}],"wp:attachment":[{"href":"http:\/\/associazionecuochipavia.it\/w\/wp-json\/wp\/v2\/media?parent=1124"}],"wp:term":[{"taxonomy":"category","embeddable":true,"href":"http:\/\/associazionecuochipavia.it\/w\/wp-json\/wp\/v2\/categories?post=1124"},{"taxonomy":"post_tag","embeddable":true,"href":"http:\/\/associazionecuochipavia.it\/w\/wp-json\/wp\/v2\/tags?post=1124"}],"curies":[{"name":"wp","href":"https:\/\/api.w.org\/{rel}","templated":true}]}}