{"id":1071,"date":"2019-03-20T21:03:55","date_gmt":"2019-03-20T20:03:55","guid":{"rendered":"http:\/\/associazionecuochipavia.it\/w\/?p=1071"},"modified":"2019-03-21T20:27:59","modified_gmt":"2019-03-21T19:27:59","slug":"associazione-cascina-longo","status":"publish","type":"post","link":"http:\/\/associazionecuochipavia.it\/w\/associazione-cascina-longo\/","title":{"rendered":"Associazione  Cascina Longo"},"content":{"rendered":"<h2><img decoding=\"async\" class=\"alignnone size-full wp-image-1074\" src=\"http:\/\/associazionecuochipavia.it\/w\/wp-content\/uploads\/2019\/03\/immobile-08-1.jpg\" alt=\"\" width=\"250\" height=\"250\" srcset=\"http:\/\/associazionecuochipavia.it\/w\/wp-content\/uploads\/2019\/03\/immobile-08-1.jpg 250w, http:\/\/associazionecuochipavia.it\/w\/wp-content\/uploads\/2019\/03\/immobile-08-1-150x150.jpg 150w, http:\/\/associazionecuochipavia.it\/w\/wp-content\/uploads\/2019\/03\/immobile-08-1-100x100.jpg 100w\" sizes=\"(max-width: 250px) 100vw, 250px\" \/><img decoding=\"async\" class=\"alignnone size-full wp-image-1075\" src=\"http:\/\/associazionecuochipavia.it\/w\/wp-content\/uploads\/2019\/03\/immobile-081-1.jpg\" alt=\"\" width=\"250\" height=\"250\" srcset=\"http:\/\/associazionecuochipavia.it\/w\/wp-content\/uploads\/2019\/03\/immobile-081-1.jpg 250w, http:\/\/associazionecuochipavia.it\/w\/wp-content\/uploads\/2019\/03\/immobile-081-1-150x150.jpg 150w, http:\/\/associazionecuochipavia.it\/w\/wp-content\/uploads\/2019\/03\/immobile-081-1-100x100.jpg 100w\" sizes=\"(max-width: 250px) 100vw, 250px\" \/><\/h2>\n<h2 style=\"text-align: center;\"><span style=\"color: #993300;\">Associazione<\/span><br \/>\n<strong><span style=\"color: #993300;\">Cascina Longo<\/span><\/strong><\/h2>\n<p><span style=\"color: #000000;\">L\u2019Associazione Cascina Longo sorge tra le verdi terre di Lomellina dove la tranquillit\u00e0, la storia e il buon cibo sono soltanto alcuni dei motivi che rendono irrinunciabile visitare questo contesto antico e rurale.<\/span><!--more--><\/p>\n<p>Nata nel 2018 dalla volont\u00e0 di 5 ragazze con un forte attaccamento al territorio in cui sono nate, l\u2019Associazione Cascina Luglio si prefigge di promuovere il territorio lomellino non solo sotto il profilo paesaggistico, architettonico e artistico, ma anche turistico e produttivo. Al centro dell\u2019impegno dell\u2019Associazione, infatti, c\u2019\u00e8 la convinzione che la Cultura non \u00e8 fine a se stessa, ma pu\u00f2 essere un volano importante anche per le attivit\u00e0 economiche del territorio.<\/p>\n<p><strong>Gli scopi principali dell\u2019Associazione sono:<\/strong><\/p>\n<p><strong>Promuovere<\/strong><\/p>\n<p>Principalmente si vuole sostenere il territorio tramite qualsiasi forma di promozione, puntando a far conoscere la Lomellina e i territori limitrofi soprattutto all\u2019estero<\/p>\n<p><strong>Condividere<\/strong><\/p>\n<p>Facilitare l\u2019incontro e la collaborazione fra gli associati per generare nuove opportunit\u00e0 di divulgazione tramite la condivisione di esperienze e mettendo a disposizione gli spazi della nostra Sede<\/p>\n<p><strong>Educare<\/strong><\/p>\n<p>Formare e informare tutti coloro che vogliono conoscere e sperimentare la cultura, la storia, il paesaggio e la gastronomia con attivit\u00e0 mirate su tutto il territorio della Lomellina.<\/p>\n<p style=\"text-align: center;\">Per informazioni;<\/p>\n<p style=\"text-align: center;\"><a href=\"http:\/\/www.cascinaluglio.eu\/\">http:\/\/www.cascinaluglio.eu\/<\/a><\/p>\n","protected":false},"excerpt":{"rendered":"<p>Associazione Cascina Longo L\u2019Associazione Cascina Longo sorge tra le verdi terre di Lomellina dove la tranquillit\u00e0, la storia e il buon cibo sono soltanto alcuni dei motivi che rendono irrinunciabile visitare questo contesto antico e rurale.<\/p>\n","protected":false},"author":3,"featured_media":0,"comment_status":"open","ping_status":"open","sticky":false,"template":"","format":"standard","meta":{"footnotes":""},"categories":[7,22],"tags":[],"_links":{"self":[{"href":"http:\/\/associazionecuochipavia.it\/w\/wp-json\/wp\/v2\/posts\/1071"}],"collection":[{"href":"http:\/\/associazionecuochipavia.it\/w\/wp-json\/wp\/v2\/posts"}],"about":[{"href":"http:\/\/associazionecuochipavia.it\/w\/wp-json\/wp\/v2\/types\/post"}],"author":[{"embeddable":true,"href":"http:\/\/associazionecuochipavia.it\/w\/wp-json\/wp\/v2\/users\/3"}],"replies":[{"embeddable":true,"href":"http:\/\/associazionecuochipavia.it\/w\/wp-json\/wp\/v2\/comments?post=1071"}],"version-history":[{"count":0,"href":"http:\/\/associazionecuochipavia.it\/w\/wp-json\/wp\/v2\/posts\/1071\/revisions"}],"wp:attachment":[{"href":"http:\/\/associazionecuochipavia.it\/w\/wp-json\/wp\/v2\/media?parent=1071"}],"wp:term":[{"taxonomy":"category","embeddable":true,"href":"http:\/\/associazionecuochipavia.it\/w\/wp-json\/wp\/v2\/categories?post=1071"},{"taxonomy":"post_tag","embeddable":true,"href":"http:\/\/associazionecuochipavia.it\/w\/wp-json\/wp\/v2\/tags?post=1071"}],"curies":[{"name":"wp","href":"https:\/\/api.w.org\/{rel}","templated":true}]}}